{"id":7462,"date":"2023-07-14T16:34:56","date_gmt":"2023-07-14T14:34:56","guid":{"rendered":"https:\/\/multitel.webmaegisto.com\/?p=7462"},"modified":"2023-07-24T12:12:06","modified_gmt":"2023-07-24T10:12:06","slug":"la-nacelle-hybride-sur-camion-mz-350-est-le-choix-ecologique-de-f-i-mec","status":"publish","type":"post","link":"https:\/\/multitel.webmaegisto.com\/fr\/2023\/07\/14\/la-nacelle-hybride-sur-camion-mz-350-est-le-choix-ecologique-de-f-i-mec\/","title":{"rendered":"LA NACELLE HYBRIDE SUR CAMION MZ 350 EST LE CHOIX \u00c9COLOGIQUE DE F.I.MEC"},"content":{"rendered":"\t\t<div data-elementor-type=\"wp-post\" data-elementor-id=\"7462\" class=\"elementor elementor-7462 elementor-4297\" data-elementor-post-type=\"post\">\n\t\t\t\t<div class=\"elementor-element elementor-element-9cf1361 e-flex e-con-boxed e-con e-parent\" data-id=\"9cf1361\" data-element_type=\"container\" data-settings=\"{&quot;jet_parallax_layout_list&quot;:[]}\">\n\t\t\t\t\t<div class=\"e-con-inner\">\n\t\t\t\t<div class=\"elementor-element elementor-element-a76281b elementor-widget elementor-widget-text-editor\" data-id=\"a76281b\" data-element_type=\"widget\" data-widget_type=\"text-editor.default\">\n\t\t\t\t<div class=\"elementor-widget-container\">\n\t\t\t<style>\/*! elementor - v3.23.0 - 05-08-2024 *\/\n.elementor-widget-text-editor.elementor-drop-cap-view-stacked .elementor-drop-cap{background-color:#69727d;color:#fff}.elementor-widget-text-editor.elementor-drop-cap-view-framed .elementor-drop-cap{color:#69727d;border:3px solid;background-color:transparent}.elementor-widget-text-editor:not(.elementor-drop-cap-view-default) .elementor-drop-cap{margin-top:8px}.elementor-widget-text-editor:not(.elementor-drop-cap-view-default) .elementor-drop-cap-letter{width:1em;height:1em}.elementor-widget-text-editor .elementor-drop-cap{float:left;text-align:center;line-height:1;font-size:50px}.elementor-widget-text-editor .elementor-drop-cap-letter{display:inline-block}<\/style>\t\t\t\t<p><strong>La premi\u00e8re nacelle articul\u00e9e hybride Multitel Pagliero MZ 350 vendue en Italie <\/strong>s&rsquo;est rendue \u00e0 Ceccano (Frosinone), o\u00f9 se trouve le si\u00e8ge de<strong> F.I.MEC. <\/strong>Une entreprise de m\u00e9canique industrielle de longue date, <strong>fond\u00e9e par la famille Iafrate<\/strong> dans les ann\u00e9es 30, qui poss\u00e8de une exp\u00e9rience consolid\u00e9e dans le domaine du levage et du transport, gr\u00e2ce au service de location introduit et d\u00e9velopp\u00e9 au cours des 50 derni\u00e8res ann\u00e9es. <strong>La vente a \u00e9t\u00e9 r\u00e9alis\u00e9e par la soci\u00e9t\u00e9 FIMI de San Benedetto del Tronto (AP), concessionnaire et atelier autoris\u00e9 Multitel Pagliero pour le centre et le sud de l&rsquo;Italie et les \u00eeles.<\/strong><\/p><p><strong>\u00a0<\/strong><\/p><p>Mont\u00e9e sur un camion <strong>Volvo FL 240 de 12 tonnes<\/strong>, la MZ 350 a une hauteur de travail maximale de 35,30 m\u00e8tres. Dot\u00e9e de deux sections t\u00e9lescopiques \u00e0 double extension, elle pr\u00e9sente un d\u00e9port horizontal maximal de 20 m, qui autorise une charge utile dans le panier de 80 kg, qui passe \u00e0 200 kg quand le d\u00e9port est de 17,20 m et \u00e0 360 kg quand il est de 14,80 m. La rotation continue de 450\u00b0 de la tourelle, le panier \u00e0 auto-nivellement avec\u00a0<strong>rotation de 90\u00b0+90\u00b0 et la fl\u00e8che<\/strong>\u00a0permettent \u00e0 l\u2019op\u00e9rateur de contourner d\u2019\u00e9ventuels obstacles et de se positionner avec pr\u00e9cision sur la zone de travail.<\/p><p>La plateforme \u00e0 configuration hybride \u00e9tait fortement souhait\u00e9e par <strong>Daniele Iafrate en raison de ses applications urbaines<\/strong>. Tr\u00e8s compacte, la MZ 350 est \u00e9quip\u00e9e de <strong>batteries au lithium de 210Ah<\/strong>, qui alimentent un\u00a0<strong>moteur \u00e9lectrique de 12 kW<\/strong>\u00a0et garantissent une journ\u00e9e de travail d\u2019autonomie. Le mode enti\u00e8rement \u00e9lectrique peut \u00eatre s\u00e9lectionn\u00e9 directement par l\u2019op\u00e9rateur, tandis que le syst\u00e8me \u00abStandby saving \u00bb optimise les fonctions de ce \u00abfull electric\u00bb. Sa compacit\u00e9, sa faible consommation de carburant, ses faibles \u00e9missions et son bruit minimal en font <strong>une machine id\u00e9ale pour les zones \u00e0 circulation limit\u00e9e, les centres-villes et les espaces verts.<\/strong><\/p><p>Fonderie, m\u00e9canique, menuiserie, maintenance interne et externe des installations: F.I.MEC a une forte empreinte industrielle. Consciente de l&rsquo;impact de celle-ci sur la nature, elle a d\u00e9cid\u00e9 de faire <strong>un choix avant-gardiste<\/strong> qui aura un effet positif non seulement sur son activit\u00e9, mais aussi sur l&rsquo;environnement.<\/p>\t\t\t\t\t\t<\/div>\n\t\t\t\t<\/div>\n\t\t\t\t\t<\/div>\n\t\t\t\t<\/div>\n\t\t\t\t<\/div>\n\t\t","protected":false},"excerpt":{"rendered":"<p>La premi\u00e8re nacelle articul\u00e9e hybride Multitel Pagliero MZ 350 vendue en Italie s&rsquo;est rendue \u00e0 Ceccano (Frosinone), o\u00f9 se trouve le si\u00e8ge de F.I.MEC. Une entreprise de m\u00e9canique industrielle de longue date, fond\u00e9e par la famille Iafrate dans les ann\u00e9es 30, qui poss\u00e8de une exp\u00e9rience consolid\u00e9e dans le domaine du levage et du transport, gr\u00e2ce [&hellip;]<\/p>\n","protected":false},"author":3,"featured_media":7384,"comment_status":"open","ping_status":"open","sticky":false,"template":"","format":"standard","meta":{"footnotes":""},"categories":[68],"tags":[],"class_list":["post-7462","post","type-post","status-publish","format-standard","has-post-thumbnail","hentry","category-evenements"],"acf":[],"_links":{"self":[{"href":"https:\/\/multitel.webmaegisto.com\/fr\/wp-json\/wp\/v2\/posts\/7462","targetHints":{"allow":["GET"]}}],"collection":[{"href":"https:\/\/multitel.webmaegisto.com\/fr\/wp-json\/wp\/v2\/posts"}],"about":[{"href":"https:\/\/multitel.webmaegisto.com\/fr\/wp-json\/wp\/v2\/types\/post"}],"author":[{"embeddable":true,"href":"https:\/\/multitel.webmaegisto.com\/fr\/wp-json\/wp\/v2\/users\/3"}],"replies":[{"embeddable":true,"href":"https:\/\/multitel.webmaegisto.com\/fr\/wp-json\/wp\/v2\/comments?post=7462"}],"version-history":[{"count":5,"href":"https:\/\/multitel.webmaegisto.com\/fr\/wp-json\/wp\/v2\/posts\/7462\/revisions"}],"predecessor-version":[{"id":7467,"href":"https:\/\/multitel.webmaegisto.com\/fr\/wp-json\/wp\/v2\/posts\/7462\/revisions\/7467"}],"wp:featuredmedia":[{"embeddable":true,"href":"https:\/\/multitel.webmaegisto.com\/fr\/wp-json\/wp\/v2\/media\/7384"}],"wp:attachment":[{"href":"https:\/\/multitel.webmaegisto.com\/fr\/wp-json\/wp\/v2\/media?parent=7462"}],"wp:term":[{"taxonomy":"category","embeddable":true,"href":"https:\/\/multitel.webmaegisto.com\/fr\/wp-json\/wp\/v2\/categories?post=7462"},{"taxonomy":"post_tag","embeddable":true,"href":"https:\/\/multitel.webmaegisto.com\/fr\/wp-json\/wp\/v2\/tags?post=7462"}],"curies":[{"name":"wp","href":"https:\/\/api.w.org\/{rel}","templated":true}]}}